{"id":273,"date":"2024-11-21T02:19:20","date_gmt":"2024-11-21T05:19:20","guid":{"rendered":"https:\/\/thebestnews.com.br\/?p=273"},"modified":"2024-11-21T02:22:34","modified_gmt":"2024-11-21T05:22:34","slug":"brasileiros-invadem-instagram-do-oscar-para-apoiar-a-atriz-fernanda-torres","status":"publish","type":"post","link":"https:\/\/thebestnews.com.br\/index.php\/2024\/11\/21\/brasileiros-invadem-instagram-do-oscar-para-apoiar-a-atriz-fernanda-torres\/","title":{"rendered":"Brasileiros &#8220;invadem&#8221; Instagram do Oscar para apoiar a atriz Fernanda Torres"},"content":{"rendered":"<figure id=\"attachment_274\" aria-describedby=\"caption-attachment-274\" style=\"width: 1025px\" class=\"wp-caption alignnone\"><img loading=\"lazy\" decoding=\"async\" class=\"wp-image-274 size-full\" src=\"https:\/\/thebestnews.com.br\/wp-content\/uploads\/2024\/11\/WhatsApp-Image-2024-11-21-at-01.27.52.jpeg\" alt=\"\" width=\"1025\" height=\"1280\" srcset=\"https:\/\/thebestnews.com.br\/wp-content\/uploads\/2024\/11\/WhatsApp-Image-2024-11-21-at-01.27.52.jpeg 1025w, https:\/\/thebestnews.com.br\/wp-content\/uploads\/2024\/11\/WhatsApp-Image-2024-11-21-at-01.27.52-240x300.jpeg 240w, https:\/\/thebestnews.com.br\/wp-content\/uploads\/2024\/11\/WhatsApp-Image-2024-11-21-at-01.27.52-820x1024.jpeg 820w, https:\/\/thebestnews.com.br\/wp-content\/uploads\/2024\/11\/WhatsApp-Image-2024-11-21-at-01.27.52-768x959.jpeg 768w\" sizes=\"(max-width: 1025px) 100vw, 1025px\" \/><figcaption id=\"caption-attachment-274\" class=\"wp-caption-text\">Brasileiros &#8220;invadem&#8221; Instagram do Oscar para apoiar a atriz Fernanda Torres<\/figcaption><\/figure>\n<p>O perfil &#8220;The Academy&#8221; (<a href=\"https:\/\/www.instagram.com\/theacademy\/\">https:\/\/www.instagram.com\/theacademy\/<\/a>), que \u00e9 a conta oficial do Oscar, prestou homenagem a artistas que marcaram presen\u00e7a no &#8220;Governors Awards 2024&#8221; e, dentre os artistas, est\u00e1 a brasileira Fernanda Torres. A atriz \u00e9 cotada para a indica\u00e7\u00e3o na categoria de melhor atriz, pela atua\u00e7\u00e3o no filme &#8220;Ainda estou Aqui&#8221;.<\/p>\n<div class=\"ast-oembed-container \" style=\"height: 100%;\"><iframe loading=\"lazy\" title=\"Ainda Estou Aqui | Trailer Oficial | 7 de novembro nos cinemas\" width=\"500\" height=\"281\" src=\"https:\/\/www.youtube.com\/embed\/_NzqP0jmk3o?feature=oembed\" frameborder=\"0\" allow=\"accelerometer; autoplay; clipboard-write; encrypted-media; gyroscope; picture-in-picture; web-share\" referrerpolicy=\"strict-origin-when-cross-origin\" allowfullscreen><\/iframe><\/div>\n<p>Veja acima o trailer do filme.<\/p>\n<p>Esta \u00e9 o primeiro longa-metragem Original Globoplay e \u00e9 baseado no livro autobiogr\u00e1fico de Marcelo Rubens Paiva. &#8220;Ainda Estou Aqui&#8221; conta a hist\u00f3ria de Eunice Paiva (interpretada por Fernanda Torres e Fernanda Montenegro). Eunice Paiva \u00e9 m\u00e3e do autor que enfrentou as viol\u00eancias do regime militar ap\u00f3s a pris\u00e3o e o desaparecimento de seu marido, o deputado cassado Rubens Paiva (Selton Mello), no in\u00edcio dos anos 1970. Com efeito, ao longo da narrativa, o filme tamb\u00e9m acompanha os anos seguintes, quando Eunice recebe o diagn\u00f3stico de Alzheimer, retratando sua trajet\u00f3ria de vida com a doen\u00e7a.<\/p>\n<h3>Brasileiros &#8220;invadem&#8221; Instagram do Oscar para apoiar a atriz Fernanda Torres<\/h3>\n<p>Posto isto, destaca-se que os brasileiros mais uma vez mostram a sua for\u00e7a nas redes sociais e &#8220;invadem&#8221; Instagram do Oscar para apoiar a atriz. Enquanto os demais artistas consagrados receberam uma m\u00e9dia de 30 mil curtidas, a nossa atriz conta, atualmente (21\/11\/24), com incr\u00edveis 2,5 milh\u00f5es de curtidas, 700 mil coment\u00e1rios e 330 mil compartilhamentos.<\/p>\n<p>Al\u00e9m de in\u00fameros coment\u00e1rios de artistas brasileiros, h\u00e1 tamb\u00e9m coment\u00e1rios completamente engra\u00e7ados dos brasileiros, como: &#8220;favor n\u00e3o roubar a mesma fam\u00edlia duas vezes, beijos&#8221;, se referindo a vez que a m\u00e3e de Fernanda Torres, a tamb\u00e9m incr\u00edvel e renomada Fernanda Montenegro, teve a honra de ser indicada ao Oscar, embora n\u00e3o tenha levado a estatueta para casa, &#8220;A repara\u00e7\u00e3o hist\u00f3rica, ela vem&#8221;, &#8220;orgulho nacional&#8221;, sem contar os coment\u00e1rios de rainha, deusa, musa, etc.<\/p>\n<h3>Vincent Martella, o Greg de &#8220;Everybody hates Chris&#8221; recebe milh\u00f5es de seguidores brasileiros ap\u00f3s postar foto com camisa &#8220;Eu sou famoso no Brasil.<\/h3>\n<p>Essa n\u00e3o \u00e9 a primeira vez que os brasileiros mostram suas for\u00e7as nas redes sociais. O ator Vincent Martella, de &#8220;Everybody hates Chris&#8221; postou a foto com a camisa &#8220;Eu sou famoso no Brasil&#8221;. A partir da\u00ed, o ator, que tinha aproximadamente 200 mil seguidores, passou a ter 5,7 milh\u00f5es. Veja a postagem: (<a href=\"https:\/\/www.instagram.com\/p\/C5MIvSwPhUL\/\">https:\/\/www.instagram.com\/p\/C5MIvSwPhUL\/<\/a>). Desde ent\u00e3o, o Vincent vem fazendo publicidades, visitou o Brasil e participou de diversos programas de televis\u00e3o, al\u00e9m dos podcasts em que compareceu.<\/p>\n<figure id=\"attachment_275\" aria-describedby=\"caption-attachment-275\" style=\"width: 1170px\" class=\"wp-caption alignnone\"><img loading=\"lazy\" decoding=\"async\" class=\"size-full wp-image-275\" src=\"https:\/\/thebestnews.com.br\/wp-content\/uploads\/2024\/11\/WhatsApp-Image-2024-11-21-at-01.30.01.jpeg\" alt=\"\" width=\"1170\" height=\"1097\" srcset=\"https:\/\/thebestnews.com.br\/wp-content\/uploads\/2024\/11\/WhatsApp-Image-2024-11-21-at-01.30.01.jpeg 1170w, https:\/\/thebestnews.com.br\/wp-content\/uploads\/2024\/11\/WhatsApp-Image-2024-11-21-at-01.30.01-300x281.jpeg 300w, https:\/\/thebestnews.com.br\/wp-content\/uploads\/2024\/11\/WhatsApp-Image-2024-11-21-at-01.30.01-1024x960.jpeg 1024w, https:\/\/thebestnews.com.br\/wp-content\/uploads\/2024\/11\/WhatsApp-Image-2024-11-21-at-01.30.01-768x720.jpeg 768w\" sizes=\"(max-width: 1170px) 100vw, 1170px\" \/><figcaption id=\"caption-attachment-275\" class=\"wp-caption-text\">A foto de Vincent Martella, o Greg de &#8220;Everybody hates Chris&#8221; que rendeu milh\u00f5es de seguidores ao ator<\/figcaption><\/figure>\n<h3>Bruno Mars, o queridinho brasileiro. Entrega logo o CPF<\/h3>\n<p>Outro queridinho dos brasileiros \u00e9 o cantor Bruno Mars, que agora \u00e9 chamado carinhosamente de Bruninho. Em 2023, ele se apresentou no The Town, arriscou no portugu\u00eas e ainda entoou &#8220;Evid\u00eancias&#8221;, a m\u00fasica denominada comicamente de hino brasileiro. Logo ap\u00f3s, postou um <a href=\"https:\/\/www.instagram.com\/p\/CxENPniSnea\/\">v\u00eddeo<\/a> em homenagem ao Brasil que lhe rendeu quase 7 milh\u00f5es de curtidas. Recentemente, Bruno Mars voltou a se apresentar no Brasil, postou outro <a href=\"https:\/\/www.instagram.com\/p\/DCFD_ZoyZwa\/\">v\u00eddeo<\/a> que viralizou e, dessa vez, teve quase 9 milh\u00f5es de curtidas. O cantor fez um funk em portugu\u00eas, de maneira descontra\u00edda, perguntando &#8220;cad\u00ea as popozudas&#8221; e afirmando que o &#8220;Bruno t\u00e1 em casa&#8221;. Al\u00e9m disso, ele aparece dan\u00e7ando nas ruas de Belo Horizonte, andando de moto, com cachorro caramelo, comendo p\u00e3o de queijo, al\u00e9m de se mostrar\u00a0 tatuando o Cristo Redentor no peito.<\/p>\n<figure id=\"attachment_276\" aria-describedby=\"caption-attachment-276\" style=\"width: 1170px\" class=\"wp-caption alignnone\"><img loading=\"lazy\" decoding=\"async\" class=\"size-full wp-image-276\" src=\"https:\/\/thebestnews.com.br\/wp-content\/uploads\/2024\/11\/WhatsApp-Image-2024-11-21-at-01.50.33.jpeg\" alt=\"\" width=\"1170\" height=\"779\" srcset=\"https:\/\/thebestnews.com.br\/wp-content\/uploads\/2024\/11\/WhatsApp-Image-2024-11-21-at-01.50.33.jpeg 1170w, https:\/\/thebestnews.com.br\/wp-content\/uploads\/2024\/11\/WhatsApp-Image-2024-11-21-at-01.50.33-300x200.jpeg 300w, https:\/\/thebestnews.com.br\/wp-content\/uploads\/2024\/11\/WhatsApp-Image-2024-11-21-at-01.50.33-1024x682.jpeg 1024w, https:\/\/thebestnews.com.br\/wp-content\/uploads\/2024\/11\/WhatsApp-Image-2024-11-21-at-01.50.33-768x511.jpeg 768w\" sizes=\"(max-width: 1170px) 100vw, 1170px\" \/><figcaption id=\"caption-attachment-276\" class=\"wp-caption-text\">Bruno Mars na frente da bandeira brasileira pintada no muro.<\/figcaption><\/figure>\n<p>Dessa forma, o mundo est\u00e1 descobrindo que agradar os brasileiros \u00e9 sin\u00f4nimo de sucesso nas redes. Da mesma maneira, se nos contrariar se prepare para ser hostilizado em massa.<\/p>\n<h3>Um pouco sobre Fernanda Torres<\/h3>\n<p>Fernanda Torres, nascida em 15\/09\/65, no Rio de Janeiro, \u00e9 uma das atrizes e escritoras mais renomadas do Brasil. Ela \u00e9 reconhecida por sua incr\u00edvel versatilidade e talento nas artes c\u00eanicas. Filha da aclamada atriz Fernanda Montenegro e do ator Fernando Torres, cresceu em um ambiente art\u00edstico, o que certamente influenciou sua carreira desde cedo. Ela se formou em Teatro pela Escola de Artes Dram\u00e1ticas da Universidade de S\u00e3o Paulo, onde construiu as bases de sua trajet\u00f3ria profissional.<\/p>\n<h5>Teatro e filmes<\/h5>\n<p>No teatro, Fernanda Torres se destacou com atua\u00e7\u00f5es em pe\u00e7as cl\u00e1ssicas que marcaram sua carreira, como <em>A Dama do Lota\u00e7\u00e3o<\/em>, <em>Os Sete Gatinhos<\/em> e <em>O Rei da Vela<\/em>. Esses pap\u00e9is consolidaram sua posi\u00e7\u00e3o como uma das principais atrizes da sua gera\u00e7\u00e3o. J\u00e1 na televis\u00e3o, Fernanda ganhou notoriedade nos anos 1980, quando fez sua estreia na novela <em>Final de Festa<\/em>. Desde ent\u00e3o, a atriz esteve presente em diversas produ\u00e7\u00f5es de sucesso, como as s\u00e9ries <em>Tapas &amp; Beijos<\/em> e <em>Filhos da P\u00e1tria<\/em>, recebendo reconhecimento tanto do p\u00fablico quanto da cr\u00edtica. Al\u00e9m disso, sua carreira no cinema tamb\u00e9m \u00e9 marcante, com participa\u00e7\u00f5es memor\u00e1veis em filmes como <em>O Que \u00c9 Isso, Companheiro?<\/em> (1997), <em>Jogo de Cena<\/em> (2007) e, mais recentemente, <em>Ainda Estou Aqui<\/em> (2024).<\/p>\n<p>Al\u00e9m de sua atua\u00e7\u00e3o nas artes c\u00eanicas, Fernanda Torres tamb\u00e9m \u00e9 uma escritora talentosa. Em 2013, lan\u00e7ou seu primeiro livro, <em>Fora de Moda<\/em>, uma colet\u00e2nea de cr\u00f4nicas que explora temas do cotidiano e das rela\u00e7\u00f5es humanas, conquistando a cr\u00edtica e consolidando sua carreira liter\u00e1ria.<\/p>\n<h4>Premia\u00e7\u00f5es<\/h4>\n<p>Ao longo de sua trajet\u00f3ria, Fernanda recebeu importantes pr\u00eamios, como o Pr\u00eamio Shell de Teatro e o Pr\u00eamio APCA de Melhor Atriz. Todas as premia\u00e7\u00f5es representam o reconhecimento de sua contribui\u00e7\u00e3o para a cultura brasileira.<\/p>\n<p>A atriz venceu a Palma de Ouro de Melhor Atriz no Festival de Cannes, aos 19 anos, por sua atua\u00e7\u00e3o no filme <em>Eu Sei que Vou te Amar<\/em>. Este foi um dos momentos mais marcantes de sua carreira.<\/p>\n<p>Estamos na torcida Fernanda. Contudo, independente do resultado, para n\u00f3s ela j\u00e1 \u00e9 a vencedora, n\u00e3o \u00e9 mesmo?<\/p>\n<p>Veja tamb\u00e9m: <a href=\"https:\/\/thebestnews.com.br\/index.php\/2024\/11\/13\/10-series-mais-assistidas-de-todos-os-tempos\/\">As 10 s\u00e9ries mais assistidas de todos os tempos<\/a><\/p>\n<p>&nbsp;<\/p>\n","protected":false},"excerpt":{"rendered":"<p>O perfil &#8220;The Academy&#8221; (https:\/\/www.instagram.com\/theacademy\/), que \u00e9 a conta oficial do Oscar, prestou homenagem a artistas que marcaram presen\u00e7a no &#8220;Governors Awards 2024&#8221; e, dentre os artistas, est\u00e1 a brasileira Fernanda Torres. A atriz \u00e9 cotada para a indica\u00e7\u00e3o na categoria de melhor atriz, pela atua\u00e7\u00e3o no filme &#8220;Ainda estou Aqui&#8221;. Veja acima o trailer [&hellip;]<\/p>\n","protected":false},"author":1,"featured_media":274,"comment_status":"open","ping_status":"open","sticky":false,"template":"","format":"standard","meta":{"site-sidebar-layout":"default","site-content-layout":"","ast-site-content-layout":"default","site-content-style":"default","site-sidebar-style":"default","ast-global-header-display":"","ast-banner-title-visibility":"","ast-main-header-display":"","ast-hfb-above-header-display":"","ast-hfb-below-header-display":"","ast-hfb-mobile-header-display":"","site-post-title":"","ast-breadcrumbs-content":"","ast-featured-img":"","footer-sml-layout":"","theme-transparent-header-meta":"default","adv-header-id-meta":"","stick-header-meta":"","header-above-stick-meta":"","header-main-stick-meta":"","header-below-stick-meta":"","astra-migrate-meta-layouts":"set","ast-page-background-enabled":"default","ast-page-background-meta":{"desktop":{"background-color":"var(--ast-global-color-4)","background-image":"","background-repeat":"repeat","background-position":"center center","background-size":"auto","background-attachment":"scroll","background-type":"","background-media":"","overlay-type":"","overlay-color":"","overlay-opacity":"","overlay-gradient":""},"tablet":{"background-color":"","background-image":"","background-repeat":"repeat","background-position":"center center","background-size":"auto","background-attachment":"scroll","background-type":"","background-media":"","overlay-type":"","overlay-color":"","overlay-opacity":"","overlay-gradient":""},"mobile":{"background-color":"","background-image":"","background-repeat":"repeat","background-position":"center center","background-size":"auto","background-attachment":"scroll","background-type":"","background-media":"","overlay-type":"","overlay-color":"","overlay-opacity":"","overlay-gradient":""}},"ast-content-background-meta":{"desktop":{"background-color":"var(--ast-global-color-5)","background-image":"","background-repeat":"repeat","background-position":"center center","background-size":"auto","background-attachment":"scroll","background-type":"","background-media":"","overlay-type":"","overlay-color":"","overlay-opacity":"","overlay-gradient":""},"tablet":{"background-color":"var(--ast-global-color-5)","background-image":"","background-repeat":"repeat","background-position":"center center","background-size":"auto","background-attachment":"scroll","background-type":"","background-media":"","overlay-type":"","overlay-color":"","overlay-opacity":"","overlay-gradient":""},"mobile":{"background-color":"var(--ast-global-color-5)","background-image":"","background-repeat":"repeat","background-position":"center center","background-size":"auto","background-attachment":"scroll","background-type":"","background-media":"","overlay-type":"","overlay-color":"","overlay-opacity":"","overlay-gradient":""}},"footnotes":""},"categories":[4],"tags":[],"yoast_head":"<!-- This site is optimized with the Yoast SEO plugin v23.9 - https:\/\/yoast.com\/wordpress\/plugins\/seo\/ -->\n<title>Brasileiros &quot;invadem&quot; Instagram do Oscar para apoiar a atriz Fernanda Torres - The Best News<\/title>\n<meta name=\"description\" content=\"Brasileiros &quot;invadem&quot; Instagram do Oscar para apoiar a atriz Fernanda Torres, e, mais uma vez, mostram sua for\u00e7a nas redes sociais.\" \/>\n<meta name=\"robots\" content=\"index, follow, max-snippet:-1, max-image-preview:large, max-video-preview:-1\" \/>\n<link rel=\"canonical\" href=\"https:\/\/thebestnews.com.br\/index.php\/2024\/11\/21\/brasileiros-invadem-instagram-do-oscar-para-apoiar-a-atriz-fernanda-torres\/\" \/>\n<meta property=\"og:locale\" content=\"pt_BR\" \/>\n<meta property=\"og:type\" content=\"article\" \/>\n<meta property=\"og:title\" content=\"Brasileiros &quot;invadem&quot; Instagram do Oscar para apoiar a atriz Fernanda Torres - The Best News\" \/>\n<meta property=\"og:description\" content=\"Brasileiros &quot;invadem&quot; Instagram do Oscar para apoiar a atriz Fernanda Torres, e, mais uma vez, mostram sua for\u00e7a nas redes sociais.\" \/>\n<meta property=\"og:url\" content=\"https:\/\/thebestnews.com.br\/index.php\/2024\/11\/21\/brasileiros-invadem-instagram-do-oscar-para-apoiar-a-atriz-fernanda-torres\/\" \/>\n<meta property=\"og:site_name\" content=\"The Best News\" \/>\n<meta property=\"article:published_time\" content=\"2024-11-21T05:19:20+00:00\" \/>\n<meta property=\"article:modified_time\" content=\"2024-11-21T05:22:34+00:00\" \/>\n<meta property=\"og:image\" content=\"https:\/\/thebestnews.com.br\/wp-content\/uploads\/2024\/11\/WhatsApp-Image-2024-11-21-at-01.27.52.jpeg\" \/>\n\t<meta property=\"og:image:width\" content=\"1025\" \/>\n\t<meta property=\"og:image:height\" content=\"1280\" \/>\n\t<meta property=\"og:image:type\" content=\"image\/jpeg\" \/>\n<meta name=\"author\" content=\"thebestnews\" \/>\n<meta name=\"twitter:card\" content=\"summary_large_image\" \/>\n<meta name=\"twitter:label1\" content=\"Escrito por\" \/>\n\t<meta name=\"twitter:data1\" content=\"thebestnews\" \/>\n\t<meta name=\"twitter:label2\" content=\"Est. tempo de leitura\" \/>\n\t<meta name=\"twitter:data2\" content=\"6 minutos\" \/>\n<script type=\"application\/ld+json\" class=\"yoast-schema-graph\">{\"@context\":\"https:\/\/schema.org\",\"@graph\":[{\"@type\":\"Article\",\"@id\":\"https:\/\/thebestnews.com.br\/index.php\/2024\/11\/21\/brasileiros-invadem-instagram-do-oscar-para-apoiar-a-atriz-fernanda-torres\/#article\",\"isPartOf\":{\"@id\":\"https:\/\/thebestnews.com.br\/index.php\/2024\/11\/21\/brasileiros-invadem-instagram-do-oscar-para-apoiar-a-atriz-fernanda-torres\/\"},\"author\":{\"name\":\"thebestnews\",\"@id\":\"https:\/\/thebestnews.com.br\/#\/schema\/person\/471946da1a4ae55adc197a1b442e64a0\"},\"headline\":\"Brasileiros &#8220;invadem&#8221; Instagram do Oscar para apoiar a atriz Fernanda Torres\",\"datePublished\":\"2024-11-21T05:19:20+00:00\",\"dateModified\":\"2024-11-21T05:22:34+00:00\",\"mainEntityOfPage\":{\"@id\":\"https:\/\/thebestnews.com.br\/index.php\/2024\/11\/21\/brasileiros-invadem-instagram-do-oscar-para-apoiar-a-atriz-fernanda-torres\/\"},\"wordCount\":1072,\"commentCount\":2,\"publisher\":{\"@id\":\"https:\/\/thebestnews.com.br\/#organization\"},\"image\":{\"@id\":\"https:\/\/thebestnews.com.br\/index.php\/2024\/11\/21\/brasileiros-invadem-instagram-do-oscar-para-apoiar-a-atriz-fernanda-torres\/#primaryimage\"},\"thumbnailUrl\":\"https:\/\/thebestnews.com.br\/wp-content\/uploads\/2024\/11\/WhatsApp-Image-2024-11-21-at-01.27.52.jpeg\",\"articleSection\":[\"Entretenimento\"],\"inLanguage\":\"pt-BR\",\"potentialAction\":[{\"@type\":\"CommentAction\",\"name\":\"Comment\",\"target\":[\"https:\/\/thebestnews.com.br\/index.php\/2024\/11\/21\/brasileiros-invadem-instagram-do-oscar-para-apoiar-a-atriz-fernanda-torres\/#respond\"]}]},{\"@type\":\"WebPage\",\"@id\":\"https:\/\/thebestnews.com.br\/index.php\/2024\/11\/21\/brasileiros-invadem-instagram-do-oscar-para-apoiar-a-atriz-fernanda-torres\/\",\"url\":\"https:\/\/thebestnews.com.br\/index.php\/2024\/11\/21\/brasileiros-invadem-instagram-do-oscar-para-apoiar-a-atriz-fernanda-torres\/\",\"name\":\"Brasileiros \\\"invadem\\\" Instagram do Oscar para apoiar a atriz Fernanda Torres - The Best News\",\"isPartOf\":{\"@id\":\"https:\/\/thebestnews.com.br\/#website\"},\"primaryImageOfPage\":{\"@id\":\"https:\/\/thebestnews.com.br\/index.php\/2024\/11\/21\/brasileiros-invadem-instagram-do-oscar-para-apoiar-a-atriz-fernanda-torres\/#primaryimage\"},\"image\":{\"@id\":\"https:\/\/thebestnews.com.br\/index.php\/2024\/11\/21\/brasileiros-invadem-instagram-do-oscar-para-apoiar-a-atriz-fernanda-torres\/#primaryimage\"},\"thumbnailUrl\":\"https:\/\/thebestnews.com.br\/wp-content\/uploads\/2024\/11\/WhatsApp-Image-2024-11-21-at-01.27.52.jpeg\",\"datePublished\":\"2024-11-21T05:19:20+00:00\",\"dateModified\":\"2024-11-21T05:22:34+00:00\",\"description\":\"Brasileiros \\\"invadem\\\" Instagram do Oscar para apoiar a atriz Fernanda Torres, e, mais uma vez, mostram sua for\u00e7a nas redes sociais.\",\"breadcrumb\":{\"@id\":\"https:\/\/thebestnews.com.br\/index.php\/2024\/11\/21\/brasileiros-invadem-instagram-do-oscar-para-apoiar-a-atriz-fernanda-torres\/#breadcrumb\"},\"inLanguage\":\"pt-BR\",\"potentialAction\":[{\"@type\":\"ReadAction\",\"target\":[\"https:\/\/thebestnews.com.br\/index.php\/2024\/11\/21\/brasileiros-invadem-instagram-do-oscar-para-apoiar-a-atriz-fernanda-torres\/\"]}]},{\"@type\":\"ImageObject\",\"inLanguage\":\"pt-BR\",\"@id\":\"https:\/\/thebestnews.com.br\/index.php\/2024\/11\/21\/brasileiros-invadem-instagram-do-oscar-para-apoiar-a-atriz-fernanda-torres\/#primaryimage\",\"url\":\"https:\/\/thebestnews.com.br\/wp-content\/uploads\/2024\/11\/WhatsApp-Image-2024-11-21-at-01.27.52.jpeg\",\"contentUrl\":\"https:\/\/thebestnews.com.br\/wp-content\/uploads\/2024\/11\/WhatsApp-Image-2024-11-21-at-01.27.52.jpeg\",\"width\":1025,\"height\":1280},{\"@type\":\"BreadcrumbList\",\"@id\":\"https:\/\/thebestnews.com.br\/index.php\/2024\/11\/21\/brasileiros-invadem-instagram-do-oscar-para-apoiar-a-atriz-fernanda-torres\/#breadcrumb\",\"itemListElement\":[{\"@type\":\"ListItem\",\"position\":1,\"name\":\"In\u00edcio\",\"item\":\"https:\/\/thebestnews.com.br\/\"},{\"@type\":\"ListItem\",\"position\":2,\"name\":\"Brasileiros &#8220;invadem&#8221; Instagram do Oscar para apoiar a atriz Fernanda Torres\"}]},{\"@type\":\"WebSite\",\"@id\":\"https:\/\/thebestnews.com.br\/#website\",\"url\":\"https:\/\/thebestnews.com.br\/\",\"name\":\"The Best News\",\"description\":\"Um site com not\u00edcias atuais diversas\",\"publisher\":{\"@id\":\"https:\/\/thebestnews.com.br\/#organization\"},\"potentialAction\":[{\"@type\":\"SearchAction\",\"target\":{\"@type\":\"EntryPoint\",\"urlTemplate\":\"https:\/\/thebestnews.com.br\/?s={search_term_string}\"},\"query-input\":{\"@type\":\"PropertyValueSpecification\",\"valueRequired\":true,\"valueName\":\"search_term_string\"}}],\"inLanguage\":\"pt-BR\"},{\"@type\":\"Organization\",\"@id\":\"https:\/\/thebestnews.com.br\/#organization\",\"name\":\"The Best News\",\"url\":\"https:\/\/thebestnews.com.br\/\",\"logo\":{\"@type\":\"ImageObject\",\"inLanguage\":\"pt-BR\",\"@id\":\"https:\/\/thebestnews.com.br\/#\/schema\/logo\/image\/\",\"url\":\"https:\/\/thebestnews.com.br\/wp-content\/uploads\/2026\/04\/Captura-de-tela-2026-04-22-151821.png\",\"contentUrl\":\"https:\/\/thebestnews.com.br\/wp-content\/uploads\/2026\/04\/Captura-de-tela-2026-04-22-151821.png\",\"width\":286,\"height\":74,\"caption\":\"The Best News\"},\"image\":{\"@id\":\"https:\/\/thebestnews.com.br\/#\/schema\/logo\/image\/\"}},{\"@type\":\"Person\",\"@id\":\"https:\/\/thebestnews.com.br\/#\/schema\/person\/471946da1a4ae55adc197a1b442e64a0\",\"name\":\"thebestnews\",\"image\":{\"@type\":\"ImageObject\",\"inLanguage\":\"pt-BR\",\"@id\":\"https:\/\/thebestnews.com.br\/#\/schema\/person\/image\/\",\"url\":\"https:\/\/secure.gravatar.com\/avatar\/cb1b4cc1d03449376b43715fa5f1367f?s=96&d=mm&r=g\",\"contentUrl\":\"https:\/\/secure.gravatar.com\/avatar\/cb1b4cc1d03449376b43715fa5f1367f?s=96&d=mm&r=g\",\"caption\":\"thebestnews\"},\"sameAs\":[\"https:\/\/thebestnews.com.br\"],\"url\":\"https:\/\/thebestnews.com.br\/index.php\/author\/thebestnews\/\"}]}<\/script>\n<!-- \/ Yoast SEO plugin. -->","yoast_head_json":{"title":"Brasileiros \"invadem\" Instagram do Oscar para apoiar a atriz Fernanda Torres - The Best News","description":"Brasileiros \"invadem\" Instagram do Oscar para apoiar a atriz Fernanda Torres, e, mais uma vez, mostram sua for\u00e7a nas redes sociais.","robots":{"index":"index","follow":"follow","max-snippet":"max-snippet:-1","max-image-preview":"max-image-preview:large","max-video-preview":"max-video-preview:-1"},"canonical":"https:\/\/thebestnews.com.br\/index.php\/2024\/11\/21\/brasileiros-invadem-instagram-do-oscar-para-apoiar-a-atriz-fernanda-torres\/","og_locale":"pt_BR","og_type":"article","og_title":"Brasileiros \"invadem\" Instagram do Oscar para apoiar a atriz Fernanda Torres - The Best News","og_description":"Brasileiros \"invadem\" Instagram do Oscar para apoiar a atriz Fernanda Torres, e, mais uma vez, mostram sua for\u00e7a nas redes sociais.","og_url":"https:\/\/thebestnews.com.br\/index.php\/2024\/11\/21\/brasileiros-invadem-instagram-do-oscar-para-apoiar-a-atriz-fernanda-torres\/","og_site_name":"The Best News","article_published_time":"2024-11-21T05:19:20+00:00","article_modified_time":"2024-11-21T05:22:34+00:00","og_image":[{"width":1025,"height":1280,"url":"https:\/\/thebestnews.com.br\/wp-content\/uploads\/2024\/11\/WhatsApp-Image-2024-11-21-at-01.27.52.jpeg","type":"image\/jpeg"}],"author":"thebestnews","twitter_card":"summary_large_image","twitter_misc":{"Escrito por":"thebestnews","Est. tempo de leitura":"6 minutos"},"schema":{"@context":"https:\/\/schema.org","@graph":[{"@type":"Article","@id":"https:\/\/thebestnews.com.br\/index.php\/2024\/11\/21\/brasileiros-invadem-instagram-do-oscar-para-apoiar-a-atriz-fernanda-torres\/#article","isPartOf":{"@id":"https:\/\/thebestnews.com.br\/index.php\/2024\/11\/21\/brasileiros-invadem-instagram-do-oscar-para-apoiar-a-atriz-fernanda-torres\/"},"author":{"name":"thebestnews","@id":"https:\/\/thebestnews.com.br\/#\/schema\/person\/471946da1a4ae55adc197a1b442e64a0"},"headline":"Brasileiros &#8220;invadem&#8221; Instagram do Oscar para apoiar a atriz Fernanda Torres","datePublished":"2024-11-21T05:19:20+00:00","dateModified":"2024-11-21T05:22:34+00:00","mainEntityOfPage":{"@id":"https:\/\/thebestnews.com.br\/index.php\/2024\/11\/21\/brasileiros-invadem-instagram-do-oscar-para-apoiar-a-atriz-fernanda-torres\/"},"wordCount":1072,"commentCount":2,"publisher":{"@id":"https:\/\/thebestnews.com.br\/#organization"},"image":{"@id":"https:\/\/thebestnews.com.br\/index.php\/2024\/11\/21\/brasileiros-invadem-instagram-do-oscar-para-apoiar-a-atriz-fernanda-torres\/#primaryimage"},"thumbnailUrl":"https:\/\/thebestnews.com.br\/wp-content\/uploads\/2024\/11\/WhatsApp-Image-2024-11-21-at-01.27.52.jpeg","articleSection":["Entretenimento"],"inLanguage":"pt-BR","potentialAction":[{"@type":"CommentAction","name":"Comment","target":["https:\/\/thebestnews.com.br\/index.php\/2024\/11\/21\/brasileiros-invadem-instagram-do-oscar-para-apoiar-a-atriz-fernanda-torres\/#respond"]}]},{"@type":"WebPage","@id":"https:\/\/thebestnews.com.br\/index.php\/2024\/11\/21\/brasileiros-invadem-instagram-do-oscar-para-apoiar-a-atriz-fernanda-torres\/","url":"https:\/\/thebestnews.com.br\/index.php\/2024\/11\/21\/brasileiros-invadem-instagram-do-oscar-para-apoiar-a-atriz-fernanda-torres\/","name":"Brasileiros \"invadem\" Instagram do Oscar para apoiar a atriz Fernanda Torres - The Best News","isPartOf":{"@id":"https:\/\/thebestnews.com.br\/#website"},"primaryImageOfPage":{"@id":"https:\/\/thebestnews.com.br\/index.php\/2024\/11\/21\/brasileiros-invadem-instagram-do-oscar-para-apoiar-a-atriz-fernanda-torres\/#primaryimage"},"image":{"@id":"https:\/\/thebestnews.com.br\/index.php\/2024\/11\/21\/brasileiros-invadem-instagram-do-oscar-para-apoiar-a-atriz-fernanda-torres\/#primaryimage"},"thumbnailUrl":"https:\/\/thebestnews.com.br\/wp-content\/uploads\/2024\/11\/WhatsApp-Image-2024-11-21-at-01.27.52.jpeg","datePublished":"2024-11-21T05:19:20+00:00","dateModified":"2024-11-21T05:22:34+00:00","description":"Brasileiros \"invadem\" Instagram do Oscar para apoiar a atriz Fernanda Torres, e, mais uma vez, mostram sua for\u00e7a nas redes sociais.","breadcrumb":{"@id":"https:\/\/thebestnews.com.br\/index.php\/2024\/11\/21\/brasileiros-invadem-instagram-do-oscar-para-apoiar-a-atriz-fernanda-torres\/#breadcrumb"},"inLanguage":"pt-BR","potentialAction":[{"@type":"ReadAction","target":["https:\/\/thebestnews.com.br\/index.php\/2024\/11\/21\/brasileiros-invadem-instagram-do-oscar-para-apoiar-a-atriz-fernanda-torres\/"]}]},{"@type":"ImageObject","inLanguage":"pt-BR","@id":"https:\/\/thebestnews.com.br\/index.php\/2024\/11\/21\/brasileiros-invadem-instagram-do-oscar-para-apoiar-a-atriz-fernanda-torres\/#primaryimage","url":"https:\/\/thebestnews.com.br\/wp-content\/uploads\/2024\/11\/WhatsApp-Image-2024-11-21-at-01.27.52.jpeg","contentUrl":"https:\/\/thebestnews.com.br\/wp-content\/uploads\/2024\/11\/WhatsApp-Image-2024-11-21-at-01.27.52.jpeg","width":1025,"height":1280},{"@type":"BreadcrumbList","@id":"https:\/\/thebestnews.com.br\/index.php\/2024\/11\/21\/brasileiros-invadem-instagram-do-oscar-para-apoiar-a-atriz-fernanda-torres\/#breadcrumb","itemListElement":[{"@type":"ListItem","position":1,"name":"In\u00edcio","item":"https:\/\/thebestnews.com.br\/"},{"@type":"ListItem","position":2,"name":"Brasileiros &#8220;invadem&#8221; Instagram do Oscar para apoiar a atriz Fernanda Torres"}]},{"@type":"WebSite","@id":"https:\/\/thebestnews.com.br\/#website","url":"https:\/\/thebestnews.com.br\/","name":"The Best News","description":"Um site com not\u00edcias atuais diversas","publisher":{"@id":"https:\/\/thebestnews.com.br\/#organization"},"potentialAction":[{"@type":"SearchAction","target":{"@type":"EntryPoint","urlTemplate":"https:\/\/thebestnews.com.br\/?s={search_term_string}"},"query-input":{"@type":"PropertyValueSpecification","valueRequired":true,"valueName":"search_term_string"}}],"inLanguage":"pt-BR"},{"@type":"Organization","@id":"https:\/\/thebestnews.com.br\/#organization","name":"The Best News","url":"https:\/\/thebestnews.com.br\/","logo":{"@type":"ImageObject","inLanguage":"pt-BR","@id":"https:\/\/thebestnews.com.br\/#\/schema\/logo\/image\/","url":"https:\/\/thebestnews.com.br\/wp-content\/uploads\/2026\/04\/Captura-de-tela-2026-04-22-151821.png","contentUrl":"https:\/\/thebestnews.com.br\/wp-content\/uploads\/2026\/04\/Captura-de-tela-2026-04-22-151821.png","width":286,"height":74,"caption":"The Best News"},"image":{"@id":"https:\/\/thebestnews.com.br\/#\/schema\/logo\/image\/"}},{"@type":"Person","@id":"https:\/\/thebestnews.com.br\/#\/schema\/person\/471946da1a4ae55adc197a1b442e64a0","name":"thebestnews","image":{"@type":"ImageObject","inLanguage":"pt-BR","@id":"https:\/\/thebestnews.com.br\/#\/schema\/person\/image\/","url":"https:\/\/secure.gravatar.com\/avatar\/cb1b4cc1d03449376b43715fa5f1367f?s=96&d=mm&r=g","contentUrl":"https:\/\/secure.gravatar.com\/avatar\/cb1b4cc1d03449376b43715fa5f1367f?s=96&d=mm&r=g","caption":"thebestnews"},"sameAs":["https:\/\/thebestnews.com.br"],"url":"https:\/\/thebestnews.com.br\/index.php\/author\/thebestnews\/"}]}},"_links":{"self":[{"href":"https:\/\/thebestnews.com.br\/index.php\/wp-json\/wp\/v2\/posts\/273"}],"collection":[{"href":"https:\/\/thebestnews.com.br\/index.php\/wp-json\/wp\/v2\/posts"}],"about":[{"href":"https:\/\/thebestnews.com.br\/index.php\/wp-json\/wp\/v2\/types\/post"}],"author":[{"embeddable":true,"href":"https:\/\/thebestnews.com.br\/index.php\/wp-json\/wp\/v2\/users\/1"}],"replies":[{"embeddable":true,"href":"https:\/\/thebestnews.com.br\/index.php\/wp-json\/wp\/v2\/comments?post=273"}],"version-history":[{"count":1,"href":"https:\/\/thebestnews.com.br\/index.php\/wp-json\/wp\/v2\/posts\/273\/revisions"}],"predecessor-version":[{"id":277,"href":"https:\/\/thebestnews.com.br\/index.php\/wp-json\/wp\/v2\/posts\/273\/revisions\/277"}],"wp:featuredmedia":[{"embeddable":true,"href":"https:\/\/thebestnews.com.br\/index.php\/wp-json\/wp\/v2\/media\/274"}],"wp:attachment":[{"href":"https:\/\/thebestnews.com.br\/index.php\/wp-json\/wp\/v2\/media?parent=273"}],"wp:term":[{"taxonomy":"category","embeddable":true,"href":"https:\/\/thebestnews.com.br\/index.php\/wp-json\/wp\/v2\/categories?post=273"},{"taxonomy":"post_tag","embeddable":true,"href":"https:\/\/thebestnews.com.br\/index.php\/wp-json\/wp\/v2\/tags?post=273"}],"curies":[{"name":"wp","href":"https:\/\/api.w.org\/{rel}","templated":true}]}}